{"id":4346,"date":"2022-06-14T09:40:20","date_gmt":"2022-06-14T07:40:20","guid":{"rendered":"https:\/\/sfidadigitale.com\/?p=4346"},"modified":"2022-06-14T09:40:20","modified_gmt":"2022-06-14T07:40:20","slug":"social-media-come-cambiata-la-comunicazione-dopo-la-pandemia-meta-spiega-tutto-in-una-ricerca","status":"publish","type":"post","link":"https:\/\/sfidadigitale.com\/index.php\/2022\/06\/14\/social-media-come-cambiata-la-comunicazione-dopo-la-pandemia-meta-spiega-tutto-in-una-ricerca\/","title":{"rendered":"Social media: com\u2019\u00e8 cambiata la comunicazione dopo la pandemia? Meta spiega tutto in una ricerca"},"content":{"rendered":"<p><span style=\"font-weight: 400;\">Come siamo cambiati con la <\/span><b>pandemia<\/b><span style=\"font-weight: 400;\"> e come si \u00e8 ridefinito il nostro modo di <\/span><b>comunicare<\/b><span style=\"font-weight: 400;\">?<\/span><\/p>\n<p><span style=\"font-weight: 400;\">A causa dell\u2019isolamento imposto dall\u2019<\/span><b>emergenza sanitari<\/b><span style=\"font-weight: 400;\">a, la comunicazione e l\u2019interazione tra persone sono cambiate sostanzialmente. Pi\u00f9 <\/span><b>connessione digitale<\/b><span style=\"font-weight: 400;\">, lavoro da casa, meeting virtuali e meno incontri faccia a faccia hanno determinato nuovi scenari e tendenze.<\/span><\/p>\n<p><span style=\"font-weight: 400;\">E mentre stiamo lentamente tornando ad abitudini pi\u00f9 vicine alla <\/span><b>normalit\u00e0<\/b><span style=\"font-weight: 400;\">, molte di queste tendenze, sebbene nate durante l\u2019emergenza, hanno portato comunque a <\/span><b>cambiamenti permanenti<\/b><span style=\"font-weight: 400;\">.<\/span><\/p>\n<p><span style=\"font-weight: 400;\">Si tratta di <\/span><b>nuovi trend<\/b><span style=\"font-weight: 400;\"> che le aziende devono necessariamente considerare quando si tratta di analizzare in che modo comunicare con il proprio <\/span><b>pubblico<\/b><span style=\"font-weight: 400;\"> e i processi attraverso i quali gli utenti cercano un <\/span><b>canale di comunicazione<\/b><span style=\"font-weight: 400;\"> con i marchi di riferimento.<\/span><\/p>\n<p><span style=\"font-weight: 400;\">Temi interessanti, futuristici, che sono al centro di una <\/span><a href=\"https:\/\/www.facebook.com\/business\/news\/insights\/the-great-relationships-reset?content_id=g9Lx5lQC7HRotqD\"><span style=\"font-weight: 400;\">ricerca nuova di zecca realizzata da<\/span><b> Meta<\/b><\/a><span style=\"font-weight: 400;\">.\u00a0<\/span><\/p>\n<p><span style=\"font-weight: 400;\">La societ\u00e0 che gestisce Facebook e Instagram ha dato vita a un rapporto che cerca di esplorare come la richiesta di una <\/span><b>connessione umana<\/b><span style=\"font-weight: 400;\"> pi\u00f9 profonda abbia innescato una sorta di ritorno alle radici del senso pi\u00f9 profondo delle relazioni umane.<\/span><\/p>\n<p><span style=\"font-weight: 400;\">Il <\/span><b>team di Meta Foresight<\/b><span style=\"font-weight: 400;\"> ha condotto un sondaggio su <\/span><b>36.000 adulti in 12 mercati<\/b><span style=\"font-weight: 400;\">.<\/span><\/p>\n<p><span style=\"font-weight: 400;\">Alcuni macro temi emersi dalle interviste possono rappresentare <\/span><b>spunti molto utili<\/b><span style=\"font-weight: 400;\"> per le aziende:\u00a0<\/span><\/p>\n<ul>\n<li style=\"font-weight: 400;\" aria-level=\"1\"><span style=\"font-weight: 400;\">Il 72%\u00a0 degli intervistati ha affermato che la pandemia li ha spinti a dare <\/span><b>nuova priorit\u00e0 agli amici pi\u00f9 cari<\/b><span style=\"font-weight: 400;\">;<\/span><\/li>\n<li style=\"font-weight: 400;\" aria-level=\"1\"><span style=\"font-weight: 400;\">I <\/span><b>giovani<\/b><span style=\"font-weight: 400;\"> sono pi\u00f9 disposti a utilizzare <\/span><b>tecnologie immersive <\/b><span style=\"font-weight: 400;\">per favorire le connessioni (inclusa la realt\u00e0 aumentata e virtuale),\u00a0<\/span><\/li>\n<li style=\"font-weight: 400;\" aria-level=\"1\"><span style=\"font-weight: 400;\">La maggior parte degli <\/span><b>utenti intervistati<\/b><span style=\"font-weight: 400;\"> ha evidenziato che la tecnologia svolger\u00e0 sempre pi\u00f9 un<\/span><b> ruolo centrale<\/b><span style=\"font-weight: 400;\"> nel miglioramento delle connessioni interpersonali;<\/span><\/li>\n<li style=\"font-weight: 400;\" aria-level=\"1\"><span style=\"font-weight: 400;\">Il 37%\u00a0 delle persone intervistate a livello globale ha riferito di aver <\/span><b>rivalutato le proprie priorit\u00e0<\/b><span style=\"font-weight: 400;\"> di vita a seguito della pandemia.<\/span><\/li>\n<\/ul>\n<p><span style=\"font-weight: 400;\">Nel rapporto i ricercatori di Meta sottolineano come queste tendenze si estenderanno anche alle <\/span><b>relazioni con marchi e aziende<\/b><span style=\"font-weight: 400;\">. I consumatori, infatti, tenderanno a cercare sempre pi\u00f9 connessioni autentiche e profonde con le realt\u00e0 di riferimento che, a loro volta, dovrebbero orientarsi alla costruzione di comunit\u00e0 votate al dialogo e alla condivisione.<\/span><\/p>\n<p>&nbsp;<\/p>\n<p><b>Tempo di lettura: 3 minuti <\/b><\/p>\n","protected":false},"excerpt":{"rendered":"<p>Come siamo cambiati con la pandemia e come si \u00e8 ridefinito il nostro modo di comunicare? A causa dell\u2019isolamento imposto dall\u2019emergenza sanitaria, la comunicazione e l\u2019interazione tra persone sono cambiate sostanzialmente. Pi\u00f9 connessione digitale, lavoro da casa, meeting virtuali e meno incontri faccia a faccia hanno determinato nuovi scenari e tendenze. E mentre stiamo lentamente [&hellip;]<\/p>\n","protected":false},"author":1,"featured_media":4347,"comment_status":"open","ping_status":"open","sticky":false,"template":"","format":"standard","meta":{"_et_pb_use_builder":"","_et_pb_old_content":"","_et_gb_content_width":"","footnotes":""},"categories":[51,63,56],"tags":[77,93,180,90,84,179,64,110,114],"class_list":["post-4346","post","type-post","status-publish","format-standard","has-post-thumbnail","hentry","category-blog","category-social-media","category-web-e-app","tag-brand","tag-content-marketing","tag-hosting","tag-instagram","tag-marketing","tag-podcast","tag-social-media","tag-target","tag-utenti"],"yoast_head":"<!-- This site is optimized with the Yoast SEO plugin v27.0 - https:\/\/yoast.com\/product\/yoast-seo-wordpress\/ -->\n<title>Social media: com\u2019\u00e8 cambiata la comunicazione dopo la pandemia? Meta spiega tutto in una ricerca - Sfida Digitale<\/title>\n<meta name=\"robots\" content=\"index, follow, max-snippet:-1, max-image-preview:large, max-video-preview:-1\" \/>\n<link rel=\"canonical\" href=\"https:\/\/sfidadigitale.com\/index.php\/2022\/06\/14\/social-media-come-cambiata-la-comunicazione-dopo-la-pandemia-meta-spiega-tutto-in-una-ricerca\/\" \/>\n<meta property=\"og:locale\" content=\"it_IT\" \/>\n<meta property=\"og:type\" content=\"article\" \/>\n<meta property=\"og:title\" content=\"Social media: com\u2019\u00e8 cambiata la comunicazione dopo la pandemia? Meta spiega tutto in una ricerca\" \/>\n<meta property=\"og:description\" content=\"Come siamo cambiati con la pandemia e come si \u00e8 ridefinito il nostro modo di comunicare? A causa dell\u2019isolamento imposto dall\u2019emergenza sanitaria, la comunicazione e l\u2019interazione tra persone sono cambiate sostanzialmente. Pi\u00f9 connessione digitale, lavoro da casa, meeting virtuali e meno incontri faccia a faccia hanno determinato nuovi scenari e tendenze. E mentre stiamo lentamente [&hellip;]\" \/>\n<meta property=\"og:url\" content=\"https:\/\/sfidadigitale.com\/index.php\/2022\/06\/14\/social-media-come-cambiata-la-comunicazione-dopo-la-pandemia-meta-spiega-tutto-in-una-ricerca\/\" \/>\n<meta property=\"og:site_name\" content=\"Sfida Digitale\" \/>\n<meta property=\"article:publisher\" content=\"https:\/\/www.facebook.com\/sfidadigitale\/\" \/>\n<meta property=\"article:published_time\" content=\"2022-06-14T07:40:20+00:00\" \/>\n<meta property=\"og:image\" content=\"https:\/\/sfidadigitale.com\/wp-content\/uploads\/2022\/06\/Downloader.la-62a7182671981.jpg\" \/>\n\t<meta property=\"og:image:width\" content=\"1024\" \/>\n\t<meta property=\"og:image:height\" content=\"683\" \/>\n\t<meta property=\"og:image:type\" content=\"image\/jpeg\" \/>\n<meta name=\"author\" content=\"Redazione\" \/>\n<meta name=\"twitter:card\" content=\"summary_large_image\" \/>\n<meta name=\"twitter:label1\" content=\"Scritto da\" \/>\n\t<meta name=\"twitter:data1\" content=\"Redazione\" \/>\n\t<meta name=\"twitter:label2\" content=\"Tempo di lettura stimato\" \/>\n\t<meta name=\"twitter:data2\" content=\"2 minuti\" \/>\n<script type=\"application\/ld+json\" class=\"yoast-schema-graph\">{\"@context\":\"https:\/\/schema.org\",\"@graph\":[{\"@type\":\"Article\",\"@id\":\"https:\/\/sfidadigitale.com\/index.php\/2022\/06\/14\/social-media-come-cambiata-la-comunicazione-dopo-la-pandemia-meta-spiega-tutto-in-una-ricerca\/#article\",\"isPartOf\":{\"@id\":\"https:\/\/sfidadigitale.com\/index.php\/2022\/06\/14\/social-media-come-cambiata-la-comunicazione-dopo-la-pandemia-meta-spiega-tutto-in-una-ricerca\/\"},\"author\":{\"name\":\"Redazione\",\"@id\":\"https:\/\/sfidadigitale.com\/#\/schema\/person\/e17a7cc34f00fd44da78da11b2c22e46\"},\"headline\":\"Social media: com\u2019\u00e8 cambiata la comunicazione dopo la pandemia? Meta spiega tutto in una ricerca\",\"datePublished\":\"2022-06-14T07:40:20+00:00\",\"mainEntityOfPage\":{\"@id\":\"https:\/\/sfidadigitale.com\/index.php\/2022\/06\/14\/social-media-come-cambiata-la-comunicazione-dopo-la-pandemia-meta-spiega-tutto-in-una-ricerca\/\"},\"wordCount\":359,\"commentCount\":0,\"image\":{\"@id\":\"https:\/\/sfidadigitale.com\/index.php\/2022\/06\/14\/social-media-come-cambiata-la-comunicazione-dopo-la-pandemia-meta-spiega-tutto-in-una-ricerca\/#primaryimage\"},\"thumbnailUrl\":\"https:\/\/sfidadigitale.com\/wp-content\/uploads\/2022\/06\/Downloader.la-62a7182671981.jpg\",\"keywords\":[\"brand\",\"content marketing\",\"hosting\",\"instagram\",\"marketing\",\"podcast\",\"social media\",\"target\",\"utenti\"],\"articleSection\":[\"Blog\",\"Social Media\",\"Web e App\"],\"inLanguage\":\"it-IT\",\"potentialAction\":[{\"@type\":\"CommentAction\",\"name\":\"Comment\",\"target\":[\"https:\/\/sfidadigitale.com\/index.php\/2022\/06\/14\/social-media-come-cambiata-la-comunicazione-dopo-la-pandemia-meta-spiega-tutto-in-una-ricerca\/#respond\"]}]},{\"@type\":\"WebPage\",\"@id\":\"https:\/\/sfidadigitale.com\/index.php\/2022\/06\/14\/social-media-come-cambiata-la-comunicazione-dopo-la-pandemia-meta-spiega-tutto-in-una-ricerca\/\",\"url\":\"https:\/\/sfidadigitale.com\/index.php\/2022\/06\/14\/social-media-come-cambiata-la-comunicazione-dopo-la-pandemia-meta-spiega-tutto-in-una-ricerca\/\",\"name\":\"Social media: com\u2019\u00e8 cambiata la comunicazione dopo la pandemia? Meta spiega tutto in una ricerca - Sfida Digitale\",\"isPartOf\":{\"@id\":\"https:\/\/sfidadigitale.com\/#website\"},\"primaryImageOfPage\":{\"@id\":\"https:\/\/sfidadigitale.com\/index.php\/2022\/06\/14\/social-media-come-cambiata-la-comunicazione-dopo-la-pandemia-meta-spiega-tutto-in-una-ricerca\/#primaryimage\"},\"image\":{\"@id\":\"https:\/\/sfidadigitale.com\/index.php\/2022\/06\/14\/social-media-come-cambiata-la-comunicazione-dopo-la-pandemia-meta-spiega-tutto-in-una-ricerca\/#primaryimage\"},\"thumbnailUrl\":\"https:\/\/sfidadigitale.com\/wp-content\/uploads\/2022\/06\/Downloader.la-62a7182671981.jpg\",\"datePublished\":\"2022-06-14T07:40:20+00:00\",\"author\":{\"@id\":\"https:\/\/sfidadigitale.com\/#\/schema\/person\/e17a7cc34f00fd44da78da11b2c22e46\"},\"breadcrumb\":{\"@id\":\"https:\/\/sfidadigitale.com\/index.php\/2022\/06\/14\/social-media-come-cambiata-la-comunicazione-dopo-la-pandemia-meta-spiega-tutto-in-una-ricerca\/#breadcrumb\"},\"inLanguage\":\"it-IT\",\"potentialAction\":[{\"@type\":\"ReadAction\",\"target\":[\"https:\/\/sfidadigitale.com\/index.php\/2022\/06\/14\/social-media-come-cambiata-la-comunicazione-dopo-la-pandemia-meta-spiega-tutto-in-una-ricerca\/\"]}]},{\"@type\":\"ImageObject\",\"inLanguage\":\"it-IT\",\"@id\":\"https:\/\/sfidadigitale.com\/index.php\/2022\/06\/14\/social-media-come-cambiata-la-comunicazione-dopo-la-pandemia-meta-spiega-tutto-in-una-ricerca\/#primaryimage\",\"url\":\"https:\/\/sfidadigitale.com\/wp-content\/uploads\/2022\/06\/Downloader.la-62a7182671981.jpg\",\"contentUrl\":\"https:\/\/sfidadigitale.com\/wp-content\/uploads\/2022\/06\/Downloader.la-62a7182671981.jpg\",\"width\":1024,\"height\":683,\"caption\":\"Social media: com\u2019\u00e8 cambiata la comunicazione dopo la pandemia? Meta spiega tutto in una ricerca\"},{\"@type\":\"BreadcrumbList\",\"@id\":\"https:\/\/sfidadigitale.com\/index.php\/2022\/06\/14\/social-media-come-cambiata-la-comunicazione-dopo-la-pandemia-meta-spiega-tutto-in-una-ricerca\/#breadcrumb\",\"itemListElement\":[{\"@type\":\"ListItem\",\"position\":1,\"name\":\"Home\",\"item\":\"https:\/\/sfidadigitale.com\/\"},{\"@type\":\"ListItem\",\"position\":2,\"name\":\"Social media: com\u2019\u00e8 cambiata la comunicazione dopo la pandemia? Meta spiega tutto in una ricerca\"}]},{\"@type\":\"WebSite\",\"@id\":\"https:\/\/sfidadigitale.com\/#website\",\"url\":\"https:\/\/sfidadigitale.com\/\",\"name\":\"Sfida Digitale\",\"description\":\"Testata di informazione digitale\",\"potentialAction\":[{\"@type\":\"SearchAction\",\"target\":{\"@type\":\"EntryPoint\",\"urlTemplate\":\"https:\/\/sfidadigitale.com\/?s={search_term_string}\"},\"query-input\":{\"@type\":\"PropertyValueSpecification\",\"valueRequired\":true,\"valueName\":\"search_term_string\"}}],\"inLanguage\":\"it-IT\"},{\"@type\":\"Person\",\"@id\":\"https:\/\/sfidadigitale.com\/#\/schema\/person\/e17a7cc34f00fd44da78da11b2c22e46\",\"name\":\"Redazione\",\"image\":{\"@type\":\"ImageObject\",\"inLanguage\":\"it-IT\",\"@id\":\"https:\/\/sfidadigitale.com\/#\/schema\/person\/image\/\",\"url\":\"https:\/\/secure.gravatar.com\/avatar\/be257556d9bdeb6ae225a47a7301120091a65488a5e308153c22e49c30fa957d?s=96&d=mm&r=g\",\"contentUrl\":\"https:\/\/secure.gravatar.com\/avatar\/be257556d9bdeb6ae225a47a7301120091a65488a5e308153c22e49c30fa957d?s=96&d=mm&r=g\",\"caption\":\"Redazione\"},\"url\":\"https:\/\/sfidadigitale.com\/index.php\/author\/oq0fbwmwur\/\"}]}<\/script>\n<!-- \/ Yoast SEO plugin. -->","yoast_head_json":{"title":"Social media: com\u2019\u00e8 cambiata la comunicazione dopo la pandemia? Meta spiega tutto in una ricerca - Sfida Digitale","robots":{"index":"index","follow":"follow","max-snippet":"max-snippet:-1","max-image-preview":"max-image-preview:large","max-video-preview":"max-video-preview:-1"},"canonical":"https:\/\/sfidadigitale.com\/index.php\/2022\/06\/14\/social-media-come-cambiata-la-comunicazione-dopo-la-pandemia-meta-spiega-tutto-in-una-ricerca\/","og_locale":"it_IT","og_type":"article","og_title":"Social media: com\u2019\u00e8 cambiata la comunicazione dopo la pandemia? Meta spiega tutto in una ricerca","og_description":"Come siamo cambiati con la pandemia e come si \u00e8 ridefinito il nostro modo di comunicare? A causa dell\u2019isolamento imposto dall\u2019emergenza sanitaria, la comunicazione e l\u2019interazione tra persone sono cambiate sostanzialmente. Pi\u00f9 connessione digitale, lavoro da casa, meeting virtuali e meno incontri faccia a faccia hanno determinato nuovi scenari e tendenze. E mentre stiamo lentamente [&hellip;]","og_url":"https:\/\/sfidadigitale.com\/index.php\/2022\/06\/14\/social-media-come-cambiata-la-comunicazione-dopo-la-pandemia-meta-spiega-tutto-in-una-ricerca\/","og_site_name":"Sfida Digitale","article_publisher":"https:\/\/www.facebook.com\/sfidadigitale\/","article_published_time":"2022-06-14T07:40:20+00:00","og_image":[{"width":1024,"height":683,"url":"https:\/\/sfidadigitale.com\/wp-content\/uploads\/2022\/06\/Downloader.la-62a7182671981.jpg","type":"image\/jpeg"}],"author":"Redazione","twitter_card":"summary_large_image","twitter_misc":{"Scritto da":"Redazione","Tempo di lettura stimato":"2 minuti"},"schema":{"@context":"https:\/\/schema.org","@graph":[{"@type":"Article","@id":"https:\/\/sfidadigitale.com\/index.php\/2022\/06\/14\/social-media-come-cambiata-la-comunicazione-dopo-la-pandemia-meta-spiega-tutto-in-una-ricerca\/#article","isPartOf":{"@id":"https:\/\/sfidadigitale.com\/index.php\/2022\/06\/14\/social-media-come-cambiata-la-comunicazione-dopo-la-pandemia-meta-spiega-tutto-in-una-ricerca\/"},"author":{"name":"Redazione","@id":"https:\/\/sfidadigitale.com\/#\/schema\/person\/e17a7cc34f00fd44da78da11b2c22e46"},"headline":"Social media: com\u2019\u00e8 cambiata la comunicazione dopo la pandemia? Meta spiega tutto in una ricerca","datePublished":"2022-06-14T07:40:20+00:00","mainEntityOfPage":{"@id":"https:\/\/sfidadigitale.com\/index.php\/2022\/06\/14\/social-media-come-cambiata-la-comunicazione-dopo-la-pandemia-meta-spiega-tutto-in-una-ricerca\/"},"wordCount":359,"commentCount":0,"image":{"@id":"https:\/\/sfidadigitale.com\/index.php\/2022\/06\/14\/social-media-come-cambiata-la-comunicazione-dopo-la-pandemia-meta-spiega-tutto-in-una-ricerca\/#primaryimage"},"thumbnailUrl":"https:\/\/sfidadigitale.com\/wp-content\/uploads\/2022\/06\/Downloader.la-62a7182671981.jpg","keywords":["brand","content marketing","hosting","instagram","marketing","podcast","social media","target","utenti"],"articleSection":["Blog","Social Media","Web e App"],"inLanguage":"it-IT","potentialAction":[{"@type":"CommentAction","name":"Comment","target":["https:\/\/sfidadigitale.com\/index.php\/2022\/06\/14\/social-media-come-cambiata-la-comunicazione-dopo-la-pandemia-meta-spiega-tutto-in-una-ricerca\/#respond"]}]},{"@type":"WebPage","@id":"https:\/\/sfidadigitale.com\/index.php\/2022\/06\/14\/social-media-come-cambiata-la-comunicazione-dopo-la-pandemia-meta-spiega-tutto-in-una-ricerca\/","url":"https:\/\/sfidadigitale.com\/index.php\/2022\/06\/14\/social-media-come-cambiata-la-comunicazione-dopo-la-pandemia-meta-spiega-tutto-in-una-ricerca\/","name":"Social media: com\u2019\u00e8 cambiata la comunicazione dopo la pandemia? Meta spiega tutto in una ricerca - Sfida Digitale","isPartOf":{"@id":"https:\/\/sfidadigitale.com\/#website"},"primaryImageOfPage":{"@id":"https:\/\/sfidadigitale.com\/index.php\/2022\/06\/14\/social-media-come-cambiata-la-comunicazione-dopo-la-pandemia-meta-spiega-tutto-in-una-ricerca\/#primaryimage"},"image":{"@id":"https:\/\/sfidadigitale.com\/index.php\/2022\/06\/14\/social-media-come-cambiata-la-comunicazione-dopo-la-pandemia-meta-spiega-tutto-in-una-ricerca\/#primaryimage"},"thumbnailUrl":"https:\/\/sfidadigitale.com\/wp-content\/uploads\/2022\/06\/Downloader.la-62a7182671981.jpg","datePublished":"2022-06-14T07:40:20+00:00","author":{"@id":"https:\/\/sfidadigitale.com\/#\/schema\/person\/e17a7cc34f00fd44da78da11b2c22e46"},"breadcrumb":{"@id":"https:\/\/sfidadigitale.com\/index.php\/2022\/06\/14\/social-media-come-cambiata-la-comunicazione-dopo-la-pandemia-meta-spiega-tutto-in-una-ricerca\/#breadcrumb"},"inLanguage":"it-IT","potentialAction":[{"@type":"ReadAction","target":["https:\/\/sfidadigitale.com\/index.php\/2022\/06\/14\/social-media-come-cambiata-la-comunicazione-dopo-la-pandemia-meta-spiega-tutto-in-una-ricerca\/"]}]},{"@type":"ImageObject","inLanguage":"it-IT","@id":"https:\/\/sfidadigitale.com\/index.php\/2022\/06\/14\/social-media-come-cambiata-la-comunicazione-dopo-la-pandemia-meta-spiega-tutto-in-una-ricerca\/#primaryimage","url":"https:\/\/sfidadigitale.com\/wp-content\/uploads\/2022\/06\/Downloader.la-62a7182671981.jpg","contentUrl":"https:\/\/sfidadigitale.com\/wp-content\/uploads\/2022\/06\/Downloader.la-62a7182671981.jpg","width":1024,"height":683,"caption":"Social media: com\u2019\u00e8 cambiata la comunicazione dopo la pandemia? Meta spiega tutto in una ricerca"},{"@type":"BreadcrumbList","@id":"https:\/\/sfidadigitale.com\/index.php\/2022\/06\/14\/social-media-come-cambiata-la-comunicazione-dopo-la-pandemia-meta-spiega-tutto-in-una-ricerca\/#breadcrumb","itemListElement":[{"@type":"ListItem","position":1,"name":"Home","item":"https:\/\/sfidadigitale.com\/"},{"@type":"ListItem","position":2,"name":"Social media: com\u2019\u00e8 cambiata la comunicazione dopo la pandemia? Meta spiega tutto in una ricerca"}]},{"@type":"WebSite","@id":"https:\/\/sfidadigitale.com\/#website","url":"https:\/\/sfidadigitale.com\/","name":"Sfida Digitale","description":"Testata di informazione digitale","potentialAction":[{"@type":"SearchAction","target":{"@type":"EntryPoint","urlTemplate":"https:\/\/sfidadigitale.com\/?s={search_term_string}"},"query-input":{"@type":"PropertyValueSpecification","valueRequired":true,"valueName":"search_term_string"}}],"inLanguage":"it-IT"},{"@type":"Person","@id":"https:\/\/sfidadigitale.com\/#\/schema\/person\/e17a7cc34f00fd44da78da11b2c22e46","name":"Redazione","image":{"@type":"ImageObject","inLanguage":"it-IT","@id":"https:\/\/sfidadigitale.com\/#\/schema\/person\/image\/","url":"https:\/\/secure.gravatar.com\/avatar\/be257556d9bdeb6ae225a47a7301120091a65488a5e308153c22e49c30fa957d?s=96&d=mm&r=g","contentUrl":"https:\/\/secure.gravatar.com\/avatar\/be257556d9bdeb6ae225a47a7301120091a65488a5e308153c22e49c30fa957d?s=96&d=mm&r=g","caption":"Redazione"},"url":"https:\/\/sfidadigitale.com\/index.php\/author\/oq0fbwmwur\/"}]}},"_links":{"self":[{"href":"https:\/\/sfidadigitale.com\/index.php\/wp-json\/wp\/v2\/posts\/4346","targetHints":{"allow":["GET"]}}],"collection":[{"href":"https:\/\/sfidadigitale.com\/index.php\/wp-json\/wp\/v2\/posts"}],"about":[{"href":"https:\/\/sfidadigitale.com\/index.php\/wp-json\/wp\/v2\/types\/post"}],"author":[{"embeddable":true,"href":"https:\/\/sfidadigitale.com\/index.php\/wp-json\/wp\/v2\/users\/1"}],"replies":[{"embeddable":true,"href":"https:\/\/sfidadigitale.com\/index.php\/wp-json\/wp\/v2\/comments?post=4346"}],"version-history":[{"count":1,"href":"https:\/\/sfidadigitale.com\/index.php\/wp-json\/wp\/v2\/posts\/4346\/revisions"}],"predecessor-version":[{"id":4348,"href":"https:\/\/sfidadigitale.com\/index.php\/wp-json\/wp\/v2\/posts\/4346\/revisions\/4348"}],"wp:featuredmedia":[{"embeddable":true,"href":"https:\/\/sfidadigitale.com\/index.php\/wp-json\/wp\/v2\/media\/4347"}],"wp:attachment":[{"href":"https:\/\/sfidadigitale.com\/index.php\/wp-json\/wp\/v2\/media?parent=4346"}],"wp:term":[{"taxonomy":"category","embeddable":true,"href":"https:\/\/sfidadigitale.com\/index.php\/wp-json\/wp\/v2\/categories?post=4346"},{"taxonomy":"post_tag","embeddable":true,"href":"https:\/\/sfidadigitale.com\/index.php\/wp-json\/wp\/v2\/tags?post=4346"}],"curies":[{"name":"wp","href":"https:\/\/api.w.org\/{rel}","templated":true}]}}